{"id":11503,"date":"2026-01-25T11:50:43","date_gmt":"2026-01-25T09:50:43","guid":{"rendered":"https:\/\/www.lignebleue.biz\/?p=11503"},"modified":"2026-01-25T17:42:20","modified_gmt":"2026-01-25T15:42:20","slug":"taxe-sur-les-plus-values-report-de-la-mesure","status":"publish","type":"post","link":"https:\/\/www.lignebleue.biz\/index.php\/2026\/01\/25\/taxe-sur-les-plus-values-report-de-la-mesure\/","title":{"rendered":"Taxe sur les plus-values : actualisation."},"content":{"rendered":"\t\t<div data-elementor-type=\"wp-post\" data-elementor-id=\"11503\" class=\"elementor elementor-11503\" data-elementor-post-type=\"post\">\n\t\t\t\t\t\t<section class=\"elementor-section elementor-top-section elementor-element elementor-element-63bc0ad elementor-section-boxed elementor-section-height-default elementor-section-height-default\" data-id=\"63bc0ad\" data-element_type=\"section\" data-e-type=\"section\">\n\t\t\t\t\t\t<div class=\"elementor-container elementor-column-gap-default\">\n\t\t\t\t\t<div class=\"elementor-column elementor-col-100 elementor-top-column elementor-element elementor-element-a9dcc42\" data-id=\"a9dcc42\" data-element_type=\"column\" data-e-type=\"column\">\n\t\t\t<div class=\"elementor-widget-wrap\">\n\t\t\t\t\t\t\t<\/div>\n\t\t<\/div>\n\t\t\t\t\t<\/div>\n\t\t<\/section>\n\t\t\t\t<section class=\"elementor-section elementor-top-section elementor-element elementor-element-411e268 elementor-section-boxed elementor-section-height-default elementor-section-height-default\" data-id=\"411e268\" data-element_type=\"section\" data-e-type=\"section\">\n\t\t\t\t\t\t<div class=\"elementor-container elementor-column-gap-default\">\n\t\t\t\t\t<div class=\"elementor-column elementor-col-100 elementor-top-column elementor-element elementor-element-a25879f\" data-id=\"a25879f\" data-element_type=\"column\" data-e-type=\"column\">\n\t\t\t<div class=\"elementor-widget-wrap elementor-element-populated\">\n\t\t\t\t\t\t<div class=\"elementor-element elementor-element-448f8c5 elementor-widget elementor-widget-text-editor\" data-id=\"448f8c5\" data-element_type=\"widget\" data-e-type=\"widget\" data-widget_type=\"text-editor.default\">\n\t\t\t\t<div class=\"elementor-widget-container\">\n\t\t\t\t\t\t\t\t\t<p>Vu les al\u00e9as gouvernementaux sur le budget, l&rsquo;application de la taxe sur les plus-values est report\u00e9e courant 2026 <strong>mais il est bien pr\u00e9vu que le calcul de la taxe se fera \u00e0 partir du 1 janvier 2026 !<\/strong><\/p><p>\u00a0<\/p><p>\u00c0 tout le moins, esp\u00e9rons que ce temps additionnel permettra \u00e0 certains de voir l&rsquo;absurdit\u00e9 des textes dont nous ne sommes pas les seuls \u00e0 mettre les dingueries administratives en avant. \u00c0 ce sujet, le lecteur se reportera utilement \u00e0 l&rsquo;article paru dans l&rsquo;Echo de ce 29 novembre et t\u00e9l\u00e9chargeable ci-dessous.\u00a0<\/p><p>\u00a0<\/p><p>Pour comprendre la m\u00e9canique du bazar, t\u00e9l\u00e9chargez notre <span style=\"color: #003366;\"><strong>Commentaire n\u00b0 8<\/strong><\/span> (actualis\u00e9 au 24\/01\/26) sur <a href=\"https:\/\/www.lignebleue.biz\/index.php\/librairie\/bull-rapport\/\">notre page sp\u00e9ciale en librairie<\/a>.\u00a0<\/p><p>\u00a0<\/p><p>On notera par ailleurs les propos du Ministre Jambon au dernier <em>Finance avenue<\/em> : \u00ab\u00a0<em><strong>La classe moyenne ne devrait pas \u00eatre affect\u00e9e\u00a0<\/strong>par la taxe sur les plus-values,\u00a0<strong>gr\u00e2ce \u00e0 l&rsquo;exemption de 10.000 euros par an.<\/strong> Seul l&rsquo;investisseur fantastique ou celui qui d\u00e9tient un patrimoine important devrait \u00eatre touch\u00e9<\/em>\u00ab\u00a0. Sauf que <a href=\"https:\/\/www.lignebleue.biz\/index.php\/2025\/10\/12\/taxe-sur-les-plus-values-actualisation\/\">comme nous l&rsquo;avons \u00e9crit par ailleurs<\/a>, la m\u00e9canique de la taxe va toucher tous les belges, quel que soit leur patrimoine, au niveau administratif. Et ce que le ministre nous offre n&rsquo;est ni plus ni moins qu&rsquo;un pi\u00e8ge fiscal dans lequel tomberont de nombreux gogos. C&rsquo;est parfaitement scandaleux et le d\u00e9litement du budget n&rsquo;impose pas de passer par de tels artifices \u00e9lectoraux.\u00a0\u00a0<\/p><p>\u00a0<\/p><p>Pour en rajouter une couche , le journal l&rsquo;Echo a publi\u00e9 une double page ce 13 d\u00e9cembre sur le mode du calcul de l&rsquo;exon\u00e9ration de 10.000 \u20ac et plus si affinit\u00e9s. Malgr\u00e9 une tr\u00e8s belle tentative de didactisme, Mr Galloy, le journaliste, est bien oblig\u00e9 de constater qu&rsquo;on est dans une complication sans nom.\u00a0<\/p><p>\u00a0<\/p><p>Enfin, relisant nos articles ant\u00e9rieurs, il nous tient \u00e0 c\u0153ur de constater que les questions que nous avons envoy\u00e9es aux Engag\u00e9s le 21\/08\/25 n&rsquo;ont jamais re\u00e7u de r\u00e9ponse, pas plus que le mail de rappel avec notre fiche de commentaires le 15\/09\/25. Ce 19 janvier, nous avons d\u00e9pos\u00e9 notre carte de visite au bureau des Engag\u00e9s \u00e0 Namur en signalant l&rsquo;absence de r\u00e9ponse \u00e0 nos questions.\u00a0 On nous a signal\u00e9 qu&rsquo;un sp\u00e9cialiste de la taxe allait nous recontacter. Nous attendons toujours&#8230;<\/p><p>\u00a0<\/p><p>T\u00e9l\u00e9charger : <a href=\"https:\/\/www.lignebleue.biz\/wp-content\/uploads\/2025\/11\/Echo-TPV-251129.pdf\">Article L&rsquo;Echo 251129<\/a><\/p><p>T\u00e9l\u00e9charger : <a href=\"https:\/\/www.lignebleue.biz\/wp-content\/uploads\/2025\/12\/Echo-251213-TPV-Module-calcul.pdf\">Article L&rsquo;Echo 251213<\/a><\/p>\t\t\t\t\t\t\t\t<\/div>\n\t\t\t\t<\/div>\n\t\t\t\t\t<\/div>\n\t\t<\/div>\n\t\t\t\t\t<\/div>\n\t\t<\/section>\n\t\t\t\t<\/div>\n\t\t","protected":false},"excerpt":{"rendered":"<p>Vu les al\u00e9as gouvernementaux sur le budget, l&rsquo;application de la taxe sur les plus-values est report\u00e9e courant 2026 mais il est bien pr\u00e9vu que le calcul de la taxe se fera \u00e0 partir du 1 janvier 2026 ! \u00a0 \u00c0 tout le moins, esp\u00e9rons que ce temps additionnel permettra \u00e0 certains de voir l&rsquo;absurdit\u00e9 des&hellip; <a class=\"more-link\" href=\"https:\/\/www.lignebleue.biz\/index.php\/2026\/01\/25\/taxe-sur-les-plus-values-report-de-la-mesure\/\">Continue reading <span class=\"screen-reader-text\">Taxe sur les plus-values : actualisation.<\/span><\/a><\/p>\n","protected":false},"author":4,"featured_media":0,"comment_status":"closed","ping_status":"open","sticky":false,"template":"","format":"standard","meta":{"_eb_attr":"","footnotes":""},"categories":[11],"tags":[96],"class_list":["post-11503","post","type-post","status-publish","format-standard","hentry","category-actualite","tag-informations-generales","entry"],"_links":{"self":[{"href":"https:\/\/www.lignebleue.biz\/index.php\/wp-json\/wp\/v2\/posts\/11503","targetHints":{"allow":["GET"]}}],"collection":[{"href":"https:\/\/www.lignebleue.biz\/index.php\/wp-json\/wp\/v2\/posts"}],"about":[{"href":"https:\/\/www.lignebleue.biz\/index.php\/wp-json\/wp\/v2\/types\/post"}],"author":[{"embeddable":true,"href":"https:\/\/www.lignebleue.biz\/index.php\/wp-json\/wp\/v2\/users\/4"}],"replies":[{"embeddable":true,"href":"https:\/\/www.lignebleue.biz\/index.php\/wp-json\/wp\/v2\/comments?post=11503"}],"version-history":[{"count":18,"href":"https:\/\/www.lignebleue.biz\/index.php\/wp-json\/wp\/v2\/posts\/11503\/revisions"}],"predecessor-version":[{"id":11938,"href":"https:\/\/www.lignebleue.biz\/index.php\/wp-json\/wp\/v2\/posts\/11503\/revisions\/11938"}],"wp:attachment":[{"href":"https:\/\/www.lignebleue.biz\/index.php\/wp-json\/wp\/v2\/media?parent=11503"}],"wp:term":[{"taxonomy":"category","embeddable":true,"href":"https:\/\/www.lignebleue.biz\/index.php\/wp-json\/wp\/v2\/categories?post=11503"},{"taxonomy":"post_tag","embeddable":true,"href":"https:\/\/www.lignebleue.biz\/index.php\/wp-json\/wp\/v2\/tags?post=11503"}],"curies":[{"name":"wp","href":"https:\/\/api.w.org\/{rel}","templated":true}]}}